{"id":18916,"date":"2026-03-05T10:32:20","date_gmt":"2026-03-05T10:32:20","guid":{"rendered":"https:\/\/www.legrandlarge.com\/les-trails-et-randonnees-du-coin\/"},"modified":"2026-03-05T11:28:39","modified_gmt":"2026-03-05T11:28:39","slug":"les-trails-et-randonnees-du-coin","status":"publish","type":"post","link":"https:\/\/www.legrandlarge.com\/de\/les-trails-et-randonnees-du-coin\/","title":{"rendered":"Trails und Wanderungen in der Umgebung"},"content":{"rendered":"\n<div class=\"wp-block-cover alignfull hero-content\" style=\"min-height:90vh;aspect-ratio:unset;\"><img alt=\"\" decoding=\"async\" width=\"1024\" height=\"683\" class=\"wp-block-cover__image-background wp-image-18895 size-large\" alt=\"\" src=\"https:\/\/www.legrandlarge.com\/wp-content\/uploads\/2026\/03\/chemin-dune-5-1024x683.jpg\" data-object-fit=\"cover\" srcset=\"https:\/\/www.legrandlarge.com\/wp-content\/uploads\/2026\/03\/chemin-dune-5-1024x683.jpg 1024w, https:\/\/www.legrandlarge.com\/wp-content\/uploads\/2026\/03\/chemin-dune-5-300x200.jpg 300w, https:\/\/www.legrandlarge.com\/wp-content\/uploads\/2026\/03\/chemin-dune-5-768x512.jpg 768w\" sizes=\"(max-width: 1024px) 100vw, 1024px\" \/><span aria-hidden=\"true\" class=\"wp-block-cover__background has-background-dim wp-block-cover__gradient-background has-background-gradient\" style=\"background:linear-gradient(135deg,rgba(0,0,0,0) 0%,rgb(0,0,0) 100%)\"><\/span><div class=\"wp-block-cover__inner-container has-global-padding is-layout-constrained wp-container-core-cover-is-layout-071fe3a8 wp-block-cover-is-layout-constrained\">\n<div class=\"wp-block-group is-z1 is-vertical is-content-justification-center is-layout-flex wp-container-core-group-is-layout-7b32d8e7 wp-block-group-is-layout-flex\"><h1 class=\"has-text-align-center wp-block-post-title has-xl-font-size has-secondary-font-family\">Trails und Wanderungen in der Umgebung<\/h1><\/div>\n<\/div><\/div>\n\n<div class=\"wp-block-group alignfull is-style-bg-texture has-global-padding is-content-justification-left is-layout-constrained wp-container-core-group-is-layout-7ac10ba0 wp-block-group-is-layout-constrained\" style=\"padding-right:var(--wp--preset--spacing--s);padding-left:var(--wp--preset--spacing--s)\"><div style=\"padding-top:var(--wp--preset--spacing--xxs);padding-bottom:var(--wp--preset--spacing--xxs);\" class=\"wp-elements-b53f42f057c06f74b28afc57fcce3d1c wp-block-wpseopress-breadcrumbs has-xxs-font-size has-primary-font-family\"><nav  aria-label=\"breadcrumb\"><ol class=\"breadcrumb\" itemscope itemtype=\"https:\/\/schema.org\/BreadcrumbList\"><li class=\"breadcrumb-item active\" aria-current=\"page\" itemprop=\"itemListElement\" itemscope itemtype=\"https:\/\/schema.org\/ListItem\"><span itemprop=\"name\">Home<\/span><meta itemprop=\"position\" content=\"1\"><\/li><\/ol><\/nav><\/div><\/div>\n\n<div class=\"wp-block-group alignfull is-style-bg-faq has-global-padding is-layout-constrained wp-container-core-group-is-layout-72208401 wp-block-group-is-layout-constrained\" style=\"padding-top:var(--wp--preset--spacing--c-huge);padding-right:2rem;padding-bottom:var(--wp--preset--spacing--c-norm);padding-left:2rem\">\n<div class=\"wp-block-columns lg-image-text-simple is-layout-flex wp-container-core-columns-is-layout-1209f74c wp-block-columns-is-layout-flex\">\n<div class=\"wp-block-column is-vertically-aligned-bottom is-left is-layout-flow wp-block-column-is-layout-flow\" style=\"flex-basis:50%\">\n<figure class=\"wp-block-image size-full\"><img alt=\"\" decoding=\"async\" width=\"1414\" height=\"2000\" src=\"https:\/\/www.legrandlarge.com\/wp-content\/uploads\/2026\/03\/design-sans-titre.png\" alt=\"\" class=\"wp-image-18879\" style=\"aspect-ratio:0.75;object-fit:cover\" srcset=\"https:\/\/www.legrandlarge.com\/wp-content\/uploads\/2026\/03\/design-sans-titre.png 1414w, https:\/\/www.legrandlarge.com\/wp-content\/uploads\/2026\/03\/design-sans-titre-212x300.png 212w, https:\/\/www.legrandlarge.com\/wp-content\/uploads\/2026\/03\/design-sans-titre-724x1024.png 724w, https:\/\/www.legrandlarge.com\/wp-content\/uploads\/2026\/03\/design-sans-titre-768x1086.png 768w\" sizes=\"(max-width: 1414px) 100vw, 1414px\" \/><\/figure>\n\n\n\n<div class=\"wp-block-group lgl-wide-content-center is-layout-flow wp-block-group-is-layout-flow\">\n<figure class=\"wp-block-image size-full is-resized\"><img alt=\"\" decoding=\"async\" src=\"https:\/\/www.legrandlarge.com\/wp-content\/themes\/horizon-marketing-child\/src\/img\/theme\/G_logo-blanc.png\" alt=\"\" class=\"wp-image-79\" style=\"object-fit:contain;width:60px;height:60px\"\/><\/figure>\n<\/div>\n<\/div>\n\n\n\n<div class=\"wp-block-column is-vertically-aligned-center is-right is-layout-flow wp-container-core-column-is-layout-6fa465bf wp-block-column-is-layout-flow\" style=\"flex-basis:50%\">\n<p class=\"is-style-hrz-p--title has-secondary-color has-text-color has-link-color wp-elements-0c02105d1a6f9ec48b6bc3cfc6682a1f\">Lust auf frische Luft?<\/p>\n\n\n\n<h2 class=\"wp-block-heading is-style-hrz-title--sub\">Der Trail von T&#8217;cheu Nous am 3. Mai 2026<\/h2>\n\n\n\n<p class=\"is-style-hrz-p--base\">Die Anmeldungen f\u00fcr die neue Ausgabe des Trail de t\u2019cheu nous 2026 sind er\u00f6ffnet!!!<\/p>\n\n\n\n<p class=\"is-style-hrz-p--base\"><img decoding=\"async\" height=\"16\" width=\"16\" src=\"https:\/\/static.xx.fbcdn.net\/images\/emoji.php\/v9\/t89\/1\/16\/1f463.png\" alt=\"&#x1F463;\"\/> Die Mitglieder des Vereins \u201eCourir c&#8217;est le pied\u201c freuen sich darauf, Sie am Sonntag, den 3. Mai 2026 in Sciotot begr\u00fc\u00dfen zu d\u00fcrfen.<\/p>\n\n\n\n<p class=\"is-style-hrz-p--base\">Die Veranstaltung umfasst drei Trails und zwei Wanderungen in einer geselligen Atmosph\u00e4re und inmitten der wundersch\u00f6nen Landschaft der Normandie. Um allen Teilnehmern gerecht zu werden, bieten wir Ihnen:<\/p>\n\n\n\n<p class=\"is-style-hrz-p--base\">3 Trail-Distanzen: 27 km, 15 km und 10 km <\/p>\n\n\n\n<p class=\"is-style-hrz-p--base\">2 Strecken f\u00fcr Wanderer: 13 km und 9 km<\/p>\n\n\n\n<p class=\"is-style-hrz-p--base\"> <img decoding=\"async\" height=\"16\" width=\"16\" src=\"https:\/\/static.xx.fbcdn.net\/images\/emoji.php\/v9\/t5f\/1\/16\/1f31e.png\" alt=\"&#x1F31E;\"\/>Der Verein freut sich auf zahlreiche Besucher, um gemeinsam eine gesellige Zeit in guter Stimmung zu verbringen und Ihnen wundersch\u00f6ne Landschaften zu zeigen. <img decoding=\"async\" height=\"16\" width=\"16\" src=\"https:\/\/static.xx.fbcdn.net\/images\/emoji.php\/v9\/t90\/1\/16\/1f305.png\" alt=\"&#x1F305;\"\/>.<\/p>\n\n\n\n<p class=\"is-style-hrz-p--base\"><\/p>\n<\/div>\n<\/div>\n<\/div>\n\n<div class=\"wp-block-group alignfull is-style-bg-w-sea-left has-global-padding is-layout-constrained wp-container-core-group-is-layout-72208401 wp-block-group-is-layout-constrained\" style=\"padding-top:var(--wp--preset--spacing--c-huge);padding-right:2rem;padding-bottom:var(--wp--preset--spacing--c-norm);padding-left:2rem\">\n<div class=\"wp-block-columns are-vertically-aligned-bottom lg-image-text-simple is-layout-flex wp-container-core-columns-is-layout-1209f74c wp-block-columns-is-layout-flex\">\n<div class=\"wp-block-column is-vertically-aligned-bottom is-left is-layout-flow wp-block-column-is-layout-flow\" style=\"flex-basis:50%\">\n<div class=\"wp-block-group lgl-wide-content-center is-layout-flow wp-block-group-is-layout-flow\">\n<figure class=\"wp-block-image size-full is-resized\"><img alt=\"\" decoding=\"async\" src=\"https:\/\/www.legrandlarge.com\/wp-content\/themes\/horizon-marketing-child\/src\/img\/theme\/G_logo-blanc.png\" alt=\"\" class=\"wp-image-79\" style=\"object-fit:contain;width:60px;height:60px\"\/><\/figure>\n<\/div>\n\n\n\n<figure class=\"wp-block-image size-large\"><img alt=\"\" decoding=\"async\" width=\"1024\" height=\"582\" src=\"https:\/\/www.legrandlarge.com\/wp-content\/uploads\/2026\/03\/barjo-1-1024x582.webp\" alt=\"\" class=\"wp-image-18882\" style=\"aspect-ratio:3\/4;object-fit:cover\" srcset=\"https:\/\/www.legrandlarge.com\/wp-content\/uploads\/2026\/03\/barjo-1-1024x582.webp 1024w, https:\/\/www.legrandlarge.com\/wp-content\/uploads\/2026\/03\/barjo-1-300x171.webp 300w, https:\/\/www.legrandlarge.com\/wp-content\/uploads\/2026\/03\/barjo-1-768x437.webp 768w, https:\/\/www.legrandlarge.com\/wp-content\/uploads\/2026\/03\/barjo-1-100x56.webp 100w, https:\/\/www.legrandlarge.com\/wp-content\/uploads\/2026\/03\/barjo-1.webp 1400w\" sizes=\"(max-width: 1024px) 100vw, 1024px\" \/><\/figure>\n<\/div>\n\n\n\n<div class=\"wp-block-column is-vertically-aligned-bottom is-right is-layout-flow wp-container-core-column-is-layout-6fa465bf wp-block-column-is-layout-flow\" style=\"flex-basis:50%\">\n<p class=\"is-style-hrz-p--title has-secondary-color has-text-color has-link-color wp-elements-5421602f245def06f214e4fea4a739f6\">La Barjo<\/p>\n\n\n\n<h2 class=\"wp-block-heading is-style-hrz-title--sub has-primary-color has-text-color has-link-color wp-elements-7bd7df77f190374f3282f16c3a963c74\">Vom19 juni bis 21 juni 2026<\/h2>\n\n\n\n<p class=\"is-style-hrz-p--base\">La Barjo ist mehr als nur ein Trail: Es ist eine wilde Reise zwischen Meer und Granit, zwischen Anstrengung und Authentizit\u00e4t. Hier gibt es keinen Schnickschnack: nur dich, die K\u00fcste der Normandie und eine Strecke, die niemals t\u00e4uscht. <\/p>\n\n\n\n<p class=\"has-primary-color has-text-color has-link-color wp-elements-c008256a0abb74a1c364e5ac17daced0\"><strong>Was Sie vor Ort finden werden<\/strong><\/p>\n\n\n\n<ul class=\"wp-block-list\">\n<li class=\"has-primary-color has-text-color has-link-color wp-elements-9e5e8e444b34c32a8cb44c544191f3d4\">Eine raue und kontrastreiche Naturlandschaft: Klippen, D\u00fcnen, Str\u00e4nde, Heidefl\u00e4chen und K\u00fcstenwege, die vom Wind und Meer geformt wurden.<\/li>\n\n\n\n<li class=\"has-primary-color has-text-color has-link-color wp-elements-ed9d38415b0d624ff898b7d57f4fedd2\">Eine einfache und herzliche Atmosph\u00e4re: engagierte Freiwillige, gut organisierte Logistik, Start und Ziel in Beaumont-Hague im Sinne eines echten \u201eTrail de territoire\u201d (Trail der Region).<\/li>\n\n\n\n<li class=\"has-primary-color has-text-color has-link-color wp-elements-f937bd04e8c6527e65e26fc537d2029b\">Verschiedene Formate f\u00fcr alle Leistungsstufen, vom L\u00e4ufer, der die K\u00fcste entdecken m\u00f6chte, bis hin zu demjenigen, der ein langes Eintauchen in die Natur anstrebt.<\/li>\n<\/ul>\n\n\n\n<p class=\"has-primary-color has-text-color has-link-color wp-elements-b85ed1ef947bb2d04a350768cc06ea37\"><strong>Die verschiedenen Wege, die Ihnen offenstehen<\/strong><\/p>\n\n\n\n<ul class=\"wp-block-list\">\n<li class=\"has-primary-color has-text-color has-link-color wp-elements-6db9b08d353cd09ac48e80ad5145e671\">La Barjo bietet mehrere Formate, jedes mit seiner eigenen Pers\u00f6nlichkeit, aber alle mit derselben Handschrift: ein technisches, abwechslungsreiches und zutiefst maritimes Terrain.<\/li>\n\n\n\n<li class=\"has-primary-color has-text-color has-link-color wp-elements-5b89fa147db202c444da8a91ea81dc52\">Ultra-Trail (\u224881 km) Das Highlight. Eine lange K\u00fcstenstrecke, mal sanft, mal anspruchsvoll, aber immer fordernd. Eine anspruchsvolle Strecke mit gro\u00dfz\u00fcgiger Zeitbegrenzung, die jedoch ein gutes Zeitmanagement und teilweise Selbstversorgung erfordert.  <\/li>\n\n\n\n<li class=\"has-primary-color has-text-color has-link-color wp-elements-4888c4d47fb63faf32767a808161ed14\">Die \u00bd Barjo (\u224850 km) Ein mittleres Format, das dennoch sehr anspruchsvoll ist: lange Abschnitte auf K\u00fcstenwegen, abwechslungsreiches Gel\u00e4nde, atemberaubende Ausblicke auf den \u00c4rmelkanal. Ein echtes Charakterrennen. <\/li>\n\n\n\n<li class=\"has-primary-color has-text-color has-link-color wp-elements-9c3401e030e39c2ecf9efeda65f6b8cb\">Trail \u201eBrin de Folie\u201d (\u224828 km) Leichter zug\u00e4nglich, aber niemals eint\u00f6nig. Perfekt, um den Barjo-Spirit zu entdecken: kurze Anstiege, schnelle Passagen, abwechslungsreiches Gel\u00e4nde. <\/li>\n\n\n\n<li class=\"has-primary-color has-text-color has-link-color wp-elements-e7201149b58cff9da22452947fa14715\">Course Nature (\u224815 km) Le format le plus compact, id\u00e9al pour entrer dans la course \u00e0 pied nature en version Cotentin \u2014 simple, dynamique et panoramique.<\/li>\n<\/ul>\n\n\n\n<p class=\"has-primary-color has-text-color has-link-color wp-elements-d3a2a0f76252a8f03c229c49d6e1bdfa\">Alle Strecken verlaufen \u00fcber weite Abschnitte entlang der K\u00fcste, in einer sensiblen Umgebung, die es zu respektieren gilt. Hier bestimmt die Umgebung das Tempo: Wind, Salz, Felsen, Balkonwege und Passagen im Unterholz&#8230; eine Vielfalt, die das Markenzeichen von Barjo ausmacht. <\/p>\n\n\n\n<p class=\"has-primary-color has-text-color has-link-color wp-elements-28ae8e7b72382a95463a45a79d6a8bdd\">Was ist der Barjo-Spirit?<\/p>\n\n\n\n<p class=\"has-primary-color has-text-color has-link-color wp-elements-1f7f0422111cbf60e81408982006ef33\">La Barjo ist vor allem eine Begegnung: die Begegnung mit einer ehrlichen, unverf\u00e4lschten Region und einer Gemeinschaft von L\u00e4ufern, die auf der Suche nach dem Echten sind.<\/p>\n\n\n\n<p class=\"is-style-hrz-p--base\">Man kommt hierher, um einen einfachen, intensiven Moment mit Menschen zu teilen, die das Laufen ebenso lieben wie den Schutz ihrer Umgebung, um ein Rennen zu erleben, bei dem die Natur Richter und Zeuge ist, oder um die K\u00fcste in ihrer ganzen Kraft zu sp\u00fcren.<\/p>\n\n\n\n<p class=\"has-primary-color has-text-color has-link-color wp-elements-a552081f38a3d7d7680e2a4d54c2cde0\">Warten Sie nicht l\u00e4nger und melden Sie sich an.<\/p>\n\n\n\n<div class=\"wp-block-buttons is-layout-flex wp-block-buttons-is-layout-flex\"><\/div>\n<\/div>\n<\/div>\n\n\n\n<div class=\"wp-block-columns are-vertically-aligned-bottom lg-image-text-simple is-layout-flex wp-container-core-columns-is-layout-1209f74c wp-block-columns-is-layout-flex\">\n<div class=\"wp-block-column is-vertically-aligned-bottom is-left is-layout-flow wp-block-column-is-layout-flow\" style=\"flex-basis:50%\">\n<div class=\"wp-block-group lgl-wide-content-center is-layout-flow wp-block-group-is-layout-flow\">\n<figure class=\"wp-block-image size-full is-resized\"><img alt=\"\" decoding=\"async\" src=\"https:\/\/www.legrandlarge.com\/wp-content\/themes\/horizon-marketing-child\/src\/img\/theme\/G_logo-blanc.png\" alt=\"\" class=\"wp-image-79\" style=\"object-fit:contain;width:60px;height:60px\"\/><\/figure>\n<\/div>\n\n\n\n<figure class=\"wp-block-image size-full\"><img alt=\"\" decoding=\"async\" width=\"640\" height=\"480\" src=\"https:\/\/www.legrandlarge.com\/wp-content\/uploads\/2026\/03\/courses_mere_denis_20180321203726_1_h480.webp\" alt=\"\" class=\"wp-image-18884\" style=\"aspect-ratio:3\/4;object-fit:cover\" srcset=\"https:\/\/www.legrandlarge.com\/wp-content\/uploads\/2026\/03\/courses_mere_denis_20180321203726_1_h480.webp 640w, https:\/\/www.legrandlarge.com\/wp-content\/uploads\/2026\/03\/courses_mere_denis_20180321203726_1_h480-300x225.webp 300w, https:\/\/www.legrandlarge.com\/wp-content\/uploads\/2026\/03\/courses_mere_denis_20180321203726_1_h480-320x240.webp 320w, https:\/\/www.legrandlarge.com\/wp-content\/uploads\/2026\/03\/courses_mere_denis_20180321203726_1_h480-160x120.webp 160w\" sizes=\"(max-width: 640px) 100vw, 640px\" \/><\/figure>\n<\/div>\n\n\n\n<div class=\"wp-block-column is-vertically-aligned-bottom is-right is-layout-flow wp-container-core-column-is-layout-6fa465bf wp-block-column-is-layout-flow\" style=\"flex-basis:50%\">\n<p class=\"is-style-hrz-p--title has-secondary-color has-text-color has-link-color wp-elements-2d786b1f2cf1a74e4007d2af65430e25\">Das Rennen M\u00e8re Denis<\/p>\n\n\n\n<h2 class=\"wp-block-heading is-style-hrz-title--sub has-primary-color has-text-color has-link-color wp-elements-5f9686a5b5d72ecf69052c5bfe3df2c0\">11. Juli 2026<\/h2>\n\n\n\n<p class=\"is-style-hrz-p--base\">Entdecken Sie die Courses M\u00e8re Denis in Barneville-Carteret<\/p>\n\n\n\n<p class=\"has-primary-color has-text-color has-link-color wp-elements-715a0cf1b535f7d934c1b1b8cd515674\">Stellen Sie sich vor, Sie laufen entlang der H\u00e4fen von Portbail und Carteret, w\u00e4hrend Ihnen die Meeresluft ins Gesicht weht. Die Courses M\u00e8re Denis erwarten Sie am 11. Juli 2026 im charmanten Badeort Barneville-Carteret im Departement <a href=\"https:\/\/ww&amp;w.preparun.com\/fr-FR\/courses?p=fra&amp;r=normandie&amp;d=manche\" target=\"_blank\" rel=\"noreferrer noopener\">Manche<\/a> (50) in der <a href=\"https:\/\/www.preparun.com\/fr-FR\/courses?p=fra&amp;r=normandie\" target=\"_blank\" rel=\"noreferrer noopener\">Normandie<\/a>. Diese Gemeinde am Cap de Carteret bietet einen atemberaubenden Blick auf die Kanalinseln. Nur einen Steinwurf entfernt pulsiert der Hafen von Carteret vor Leben, und die Str\u00e4nde laden nach dem Sport zum Entspannen ein.   <\/p>\n\n\n\n<p class=\"has-primary-color has-text-color has-link-color wp-elements-a30e5a2deef85e92d3bb47b000132933\">Je me souviens d&#8217;un coureur qui m&#8217;a racont\u00e9 son \u00e9motion : &#8216;J&#8217;ai pleur\u00e9 de joie en voyant la mer apr\u00e8s 22 km !&#8217; L&#8217;\u00e9v\u00e9nement respire la convivialit\u00e9 normande, avec un public qui encourage chaque foul\u00e9e. <\/p>\n\n\n\n<p class=\"has-primary-color has-text-color has-link-color wp-elements-acc699e762b9f5081ae029922c494423\">Die angebotenen Routen :<\/p>\n\n\n\n<ul class=\"wp-block-list\">\n<li class=\"has-primary-color has-text-color has-link-color wp-elements-48f519efd54f89ebea8775d26003988c\">M\u00e8re Denis 22 km: Start in Portbail, Ziel in Carteret. H\u00f6henunterschied 150 m. Start um 14 Uhr. Preis 13 \u20ac.   <\/li>\n\n\n\n<li class=\"has-primary-color has-text-color has-link-color wp-elements-75963b597c1c3a7acd05f6a054a266cb\">Les Lavandi\u00e8res 12 km: f\u00fcr alle Leistungsstufen. Start um 14 Uhr. Preis 10 \u20ac.  <\/li>\n\n\n\n<li class=\"has-primary-color has-text-color has-link-color wp-elements-6a8b4842fb38e2509ca7c7966f3ab935\">Les Buandi\u00e8res 6 km: ideal f\u00fcr Anf\u00e4nger. Start um 14 Uhr. H\u00f6henunterschied 150 m.  <\/li>\n\n\n\n<li class=\"has-primary-color has-text-color has-link-color wp-elements-87f14e5750d755951ee067e38fd83484\">10 km Wanderung um 11 Uhr.<\/li>\n\n\n\n<li class=\"has-primary-color has-text-color has-link-color wp-elements-eff02699a6739807ec21b8777449801d\">Kinderrennen: 800 m und 1,8 km um 9:30 Uhr und 11:00 Uhr. <\/li>\n<\/ul>\n\n\n\n<h3 class=\"wp-block-heading is-style-top-title has-primary-color has-text-color has-link-color wp-elements-a14f286768f9007326938c338b90f530 is-style-top-title--1\">Barneville-Carteret und seine Courses M\u00e8re Denis sind der perfekte Ort, um sich vom Rhythmus des Meeres mitrei\u00dfen zu lassen. An die Turnschuhe, fertig, los! <\/h3>\n\n\n\n<div class=\"wp-block-buttons is-layout-flex wp-block-buttons-is-layout-flex\"><\/div>\n<\/div>\n<\/div>\n<\/div>\n","protected":false},"excerpt":{"rendered":"<p>Ob erfahrene Sportler oder Amateure, im Nord-Cotentin finden Sie verschiedene Trails.<\/p>\n","protected":false},"author":2,"featured_media":18915,"comment_status":"closed","ping_status":"closed","sticky":false,"template":"","format":"standard","meta":{"_acf_changed":false,"_seopress_robots_primary_cat":"20","_seopress_titles_title":"","_seopress_titles_desc":"","_seopress_robots_index":"","footnotes":""},"categories":[31,3],"tags":[],"class_list":["post-18916","post","type-post","status-publish","format-standard","has-post-thumbnail","hentry","category-artikel","category-nicht-kategorisiert"],"acf":[],"_links":{"self":[{"href":"https:\/\/www.legrandlarge.com\/de\/wp-json\/wp\/v2\/posts\/18916","targetHints":{"allow":["GET"]}}],"collection":[{"href":"https:\/\/www.legrandlarge.com\/de\/wp-json\/wp\/v2\/posts"}],"about":[{"href":"https:\/\/www.legrandlarge.com\/de\/wp-json\/wp\/v2\/types\/post"}],"author":[{"embeddable":true,"href":"https:\/\/www.legrandlarge.com\/de\/wp-json\/wp\/v2\/users\/2"}],"replies":[{"embeddable":true,"href":"https:\/\/www.legrandlarge.com\/de\/wp-json\/wp\/v2\/comments?post=18916"}],"version-history":[{"count":1,"href":"https:\/\/www.legrandlarge.com\/de\/wp-json\/wp\/v2\/posts\/18916\/revisions"}],"predecessor-version":[{"id":18919,"href":"https:\/\/www.legrandlarge.com\/de\/wp-json\/wp\/v2\/posts\/18916\/revisions\/18919"}],"wp:featuredmedia":[{"embeddable":true,"href":"https:\/\/www.legrandlarge.com\/de\/wp-json\/wp\/v2\/media\/18915"}],"wp:attachment":[{"href":"https:\/\/www.legrandlarge.com\/de\/wp-json\/wp\/v2\/media?parent=18916"}],"wp:term":[{"taxonomy":"category","embeddable":true,"href":"https:\/\/www.legrandlarge.com\/de\/wp-json\/wp\/v2\/categories?post=18916"},{"taxonomy":"post_tag","embeddable":true,"href":"https:\/\/www.legrandlarge.com\/de\/wp-json\/wp\/v2\/tags?post=18916"}],"curies":[{"name":"wp","href":"https:\/\/api.w.org\/{rel}","templated":true}]}}